{"id":8223,"date":"2026-04-24T11:53:44","date_gmt":"2026-04-24T08:53:44","guid":{"rendered":"https:\/\/www.salsastudio.fi\/jyvaskyla\/?p=8223"},"modified":"2026-04-24T11:53:44","modified_gmt":"2026-04-24T08:53:44","slug":"salsastudion-oppilasnaytos-10-5","status":"publish","type":"post","link":"https:\/\/www.salsastudio.fi\/jyvaskyla\/salsastudion-oppilasnaytos-10-5\/","title":{"rendered":"SalsaStudion oppilasn\u00e4yt\u00f6s 10.5."},"content":{"rendered":"<p class=\"p1\"><span class=\"s1\">SalsaStudio Jyv\u00e4skyl\u00e4n oppilasn\u00e4yt\u00f6s 2026 tanssitaan sunnuntaina 10.5. klo 18.30 alkaen Villa Ranan Blomstedt- salissa! <\/span><\/p>\n<p class=\"p1\"><span class=\"s1\">N\u00e4yt\u00f6ksess\u00e4 esiintyv\u00e4t sek\u00e4 rohkeimmat oppilasryhm\u00e4t, ett\u00e4 kilpailevat edustusjoukkueemme, jotka esitt\u00e4v\u00e4t menestyksekk\u00e4\u00e4t kilpailukoreografiat kisakaudelta 2026, lis\u00e4ksi n\u00e4yt\u00f6ksess\u00e4 n\u00e4hd\u00e4\u00e4n Socan ja Suvin uunituoreen Show\u2019n ensiesityst\u00e4 <\/span><\/p>\n<p class=\"p1\"><span class=\"s1\">Tule nauttimaan upeista esityksist\u00e4 kanssamme! <\/span><\/p>\n<p class=\"p1\"><span class=\"s1\">Ovet katsojille avataan n. 18.15 , lipunmyynti alkaa 18.00. Huom. Villa Ranan ravintolapalvelut palvelevat n\u00e4yt\u00f6ksen alkuun saakka. Tule nauttimaan kuppi kahvia, tai lasi viini\u00e4 ennen n\u00e4yt\u00f6ksen alkua! <\/span><\/p>\n<p class=\"p1\"><span class=\"s1\">Liput n\u00e4yt\u00f6kseen: 15\u20ac\/hl\u00f6 (alennusryhmiin kuuluvat 12\u20ac\/hl\u00f6).<\/span><\/p>\n<p class=\"p1\"><span class=\"s1\">Tervetuloa!<\/span><\/p>\n","protected":false},"excerpt":{"rendered":"<p>SalsaStudio Jyv\u00e4skyl\u00e4n oppilasn\u00e4yt\u00f6s 2026 tanssitaan sunnuntaina 10.5. klo 18.30 alkaen Villa Ranan Blomstedt- salissa! N\u00e4yt\u00f6ksess\u00e4 esiintyv\u00e4t sek\u00e4 rohkeimmat oppilasryhm\u00e4t, ett\u00e4 kilpailevat edustusjoukkueemme, jotka esitt\u00e4v\u00e4t menestyksekk\u00e4\u00e4t kilpailukoreografiat kisakaudelta 2026, lis\u00e4ksi n\u00e4yt\u00f6ksess\u00e4 n\u00e4hd\u00e4\u00e4n Socan ja Suvin uunituoreen Show\u2019n ensiesityst\u00e4 Tule nauttimaan upeista esityksist\u00e4 kanssamme! Ovet katsojille avataan n. 18.15 , lipunmyynti alkaa 18.00. Huom. Villa Ranan ravintolapalvelut [&hellip;]<\/p>\n","protected":false},"author":6,"featured_media":8224,"comment_status":"closed","ping_status":"open","sticky":false,"template":"","format":"standard","meta":{"_et_pb_use_builder":"","_et_pb_old_content":"","_et_gb_content_width":"","footnotes":""},"categories":[33,36],"tags":[],"class_list":["post-8223","post","type-post","status-publish","format-standard","has-post-thumbnail","hentry","category-ajankohtainen-jyvaskyla","category-tapahtuma-jyvaskyla"],"_links":{"self":[{"href":"https:\/\/www.salsastudio.fi\/jyvaskyla\/wp-json\/wp\/v2\/posts\/8223","targetHints":{"allow":["GET"]}}],"collection":[{"href":"https:\/\/www.salsastudio.fi\/jyvaskyla\/wp-json\/wp\/v2\/posts"}],"about":[{"href":"https:\/\/www.salsastudio.fi\/jyvaskyla\/wp-json\/wp\/v2\/types\/post"}],"author":[{"embeddable":true,"href":"https:\/\/www.salsastudio.fi\/jyvaskyla\/wp-json\/wp\/v2\/users\/6"}],"replies":[{"embeddable":true,"href":"https:\/\/www.salsastudio.fi\/jyvaskyla\/wp-json\/wp\/v2\/comments?post=8223"}],"version-history":[{"count":1,"href":"https:\/\/www.salsastudio.fi\/jyvaskyla\/wp-json\/wp\/v2\/posts\/8223\/revisions"}],"predecessor-version":[{"id":8225,"href":"https:\/\/www.salsastudio.fi\/jyvaskyla\/wp-json\/wp\/v2\/posts\/8223\/revisions\/8225"}],"wp:featuredmedia":[{"embeddable":true,"href":"https:\/\/www.salsastudio.fi\/jyvaskyla\/wp-json\/wp\/v2\/media\/8224"}],"wp:attachment":[{"href":"https:\/\/www.salsastudio.fi\/jyvaskyla\/wp-json\/wp\/v2\/media?parent=8223"}],"wp:term":[{"taxonomy":"category","embeddable":true,"href":"https:\/\/www.salsastudio.fi\/jyvaskyla\/wp-json\/wp\/v2\/categories?post=8223"},{"taxonomy":"post_tag","embeddable":true,"href":"https:\/\/www.salsastudio.fi\/jyvaskyla\/wp-json\/wp\/v2\/tags?post=8223"}],"curies":[{"name":"wp","href":"https:\/\/api.w.org\/{rel}","templated":true}]}}