{"id":6652,"date":"2023-03-18T00:15:00","date_gmt":"2023-03-17T21:15:00","guid":{"rendered":"https:\/\/www.salsastudio.fi\/kuopio\/?p=6652"},"modified":"2023-03-18T00:15:13","modified_gmt":"2023-03-17T21:15:13","slug":"salsakonsertti-maykel-blanco-y-su-salsa-mayor","status":"publish","type":"post","link":"https:\/\/www.salsastudio.fi\/kuopio\/salsakonsertti-maykel-blanco-y-su-salsa-mayor\/","title":{"rendered":"SALSAKONSERTTI: MAYKEL BLANCO Y SU SALSA MAYOR"},"content":{"rendered":"<p style=\"font-weight: 400;\"><strong>TAMPEREELLA KESKIVIIKKONA 17.5.2023:<\/strong><\/p>\n<p style=\"font-weight: 400;\"><strong>\u00a0<\/strong><\/p>\n<p style=\"font-weight: 400;\">Maykel Blanco y su Salsa Mayor on ylivoimaisesti Kuuban kovimpia salsa-artisteja. Havannassa keikat myyd\u00e4\u00e4n loppuun enn\u00e4tysajassa ja orkesteri on kuuluisa lukuisista hittibiiseist\u00e4\u00e4n kuten Ya tu no coronas, Bemb\u00e9, Chaca Chaca, sek\u00e4 poikkeuksellisesta lavakarismasta joka ei j\u00e4t\u00e4 ket\u00e4\u00e4n kylm\u00e4ksi.<\/p>\n<p style=\"font-weight: 400;\">Energinen 15 henkinen orkesteri nousee Tavara-aseman lavalle helatorstaita edelt\u00e4v\u00e4n\u00e4 keskiviikkona 17.5. osana b\u00e4ndin Euroopan kiertuetta!<\/p>\n<p style=\"font-weight: 400;\"><strong>B\u00e4ndi ei ole ollut Suomessa koskaan aikaisemmin!<\/strong><\/p>\n<p style=\"font-weight: 400;\"><strong>Konsertti on poikkeuksellinen mahdollisuus n\u00e4hd\u00e4 t\u00e4m\u00e4 erityislaatuinen orkesteri Suomessa!!!<\/strong><\/p>\n<p style=\"font-weight: 400;\"><strong>\u00a0<\/strong><\/p>\n<p style=\"font-weight: 400;\"><strong>Paikka: Tavara-asema, Tampere<\/strong><\/p>\n<div class=\"ead-preview\"><div class=\"ead-document\" style=\"position: relative;padding-top: 90%;\"><div class=\"ead-iframe-wrapper\"><iframe src=\"\/\/docs.google.com\/viewer?url=https%3A%2F%2Fwww.salsastudio.fi%2Fkuopio%2Fwp-content%2Fuploads%2F2023%2F03%2FSALSAKONSERTTI.pdf&amp;embedded=true&amp;hl=en\" title=\"Embedded Document\" class=\"ead-iframe\" style=\"width: 100%;height: 100%;border: none;position: absolute;left: 0;top: 0;visibility: hidden;\"><\/iframe><\/div>\t\t\t<div class=\"ead-document-loading\" style=\"width:100%;height:100%;position:absolute;left:0;top:0;z-index:10;\">\n\t\t\t\t<div class=\"ead-loading-wrap\">\n\t\t\t\t\t<div class=\"ead-loading-main\">\n\t\t\t\t\t\t<div class=\"ead-loading\">\n\t\t\t\t\t\t\t<img loading=\"lazy\" decoding=\"async\" src=\"https:\/\/www.salsastudio.fi\/kuopio\/wp-content\/plugins\/embed-any-document\/images\/loading.svg\" width=\"55\" height=\"55\" alt=\"Loader\">\n\t\t\t\t\t\t\t<span>Loading...<\/span>\n\t\t\t\t\t\t<\/div>\n\t\t\t\t\t<\/div>\n\t\t\t\t\t<div class=\"ead-loading-foot\">\n\t\t\t\t\t\t<div class=\"ead-loading-foot-title\">\n\t\t\t\t\t\t\t<img loading=\"lazy\" decoding=\"async\" src=\"https:\/\/www.salsastudio.fi\/kuopio\/wp-content\/plugins\/embed-any-document\/images\/EAD-logo.svg\" alt=\"EAD Logo\" width=\"36\" height=\"23\"\/>\n\t\t\t\t\t\t\t<span>Taking too long?<\/span>\n\t\t\t\t\t\t<\/div>\n\t\t\t\t\t\t<p>\n\t\t\t\t\t\t\t<div class=\"ead-document-btn ead-reload-btn\" role=\"button\">\n\t\t\t\t\t\t\t\t<img loading=\"lazy\" decoding=\"async\" src=\"https:\/\/www.salsastudio.fi\/kuopio\/wp-content\/plugins\/embed-any-document\/images\/reload.svg\" alt=\"Reload\" width=\"12\" height=\"12\"\/> Reload document\t\t\t\t\t\t\t<\/div>\n\t\t\t\t\t\t\t<span>|<\/span>\n\t\t\t\t\t\t\t<a href=\"https:\/\/www.salsastudio.fi\/kuopio\/wp-content\/uploads\/2023\/03\/SALSAKONSERTTI.pdf\" class=\"ead-document-btn\" target=\"_blank\">\n\t\t\t\t\t\t\t\t<img loading=\"lazy\" decoding=\"async\" src=\"https:\/\/www.salsastudio.fi\/kuopio\/wp-content\/plugins\/embed-any-document\/images\/open.svg\" alt=\"Open\" width=\"12\" height=\"12\"\/> Open in new tab\t\t\t\t\t\t\t<\/a>\n\t\t\t\t\t<\/div>\n\t\t\t\t<\/div>\n\t\t\t<\/div>\n\t\t<\/div><p class=\"embed_download\"><a href=\"https:\/\/www.salsastudio.fi\/kuopio\/wp-content\/uploads\/2023\/03\/SALSAKONSERTTI.pdf\" download >Lataa lukuj\u00e4rjestys [53.20 KB] <\/a><\/p><\/div>\n","protected":false},"excerpt":{"rendered":"<p>TAMPEREELLA KESKIVIIKKONA 17.5.2023: \u00a0 Maykel Blanco y su Salsa Mayor on ylivoimaisesti Kuuban kovimpia salsa-artisteja. Havannassa keikat myyd\u00e4\u00e4n loppuun enn\u00e4tysajassa ja orkesteri on kuuluisa lukuisista hittibiiseist\u00e4\u00e4n kuten Ya tu no coronas, Bemb\u00e9, Chaca Chaca, sek\u00e4 poikkeuksellisesta lavakarismasta joka ei j\u00e4t\u00e4 ket\u00e4\u00e4n kylm\u00e4ksi. Energinen 15 henkinen orkesteri nousee Tavara-aseman lavalle helatorstaita edelt\u00e4v\u00e4n\u00e4 keskiviikkona 17.5. osana b\u00e4ndin [&hellip;]<\/p>\n","protected":false},"author":6,"featured_media":6654,"comment_status":"closed","ping_status":"open","sticky":false,"template":"","format":"standard","meta":{"_et_pb_use_builder":"","_et_pb_old_content":"","_et_gb_content_width":"","footnotes":""},"categories":[34,37],"tags":[],"_links":{"self":[{"href":"https:\/\/www.salsastudio.fi\/kuopio\/wp-json\/wp\/v2\/posts\/6652"}],"collection":[{"href":"https:\/\/www.salsastudio.fi\/kuopio\/wp-json\/wp\/v2\/posts"}],"about":[{"href":"https:\/\/www.salsastudio.fi\/kuopio\/wp-json\/wp\/v2\/types\/post"}],"author":[{"embeddable":true,"href":"https:\/\/www.salsastudio.fi\/kuopio\/wp-json\/wp\/v2\/users\/6"}],"replies":[{"embeddable":true,"href":"https:\/\/www.salsastudio.fi\/kuopio\/wp-json\/wp\/v2\/comments?post=6652"}],"version-history":[{"count":2,"href":"https:\/\/www.salsastudio.fi\/kuopio\/wp-json\/wp\/v2\/posts\/6652\/revisions"}],"predecessor-version":[{"id":6656,"href":"https:\/\/www.salsastudio.fi\/kuopio\/wp-json\/wp\/v2\/posts\/6652\/revisions\/6656"}],"wp:featuredmedia":[{"embeddable":true,"href":"https:\/\/www.salsastudio.fi\/kuopio\/wp-json\/wp\/v2\/media\/6654"}],"wp:attachment":[{"href":"https:\/\/www.salsastudio.fi\/kuopio\/wp-json\/wp\/v2\/media?parent=6652"}],"wp:term":[{"taxonomy":"category","embeddable":true,"href":"https:\/\/www.salsastudio.fi\/kuopio\/wp-json\/wp\/v2\/categories?post=6652"},{"taxonomy":"post_tag","embeddable":true,"href":"https:\/\/www.salsastudio.fi\/kuopio\/wp-json\/wp\/v2\/tags?post=6652"}],"curies":[{"name":"wp","href":"https:\/\/api.w.org\/{rel}","templated":true}]}}