{"id":6955,"date":"2024-10-22T22:01:23","date_gmt":"2024-10-22T19:01:23","guid":{"rendered":"https:\/\/www.salsastudio.fi\/kuopio\/?p=6955"},"modified":"2024-10-22T22:01:35","modified_gmt":"2024-10-22T19:01:35","slug":"kuubalaisten-tanssien-kurssit-kolmena-lauantaina","status":"publish","type":"post","link":"https:\/\/www.salsastudio.fi\/kuopio\/kuubalaisten-tanssien-kurssit-kolmena-lauantaina\/","title":{"rendered":"KUUBALAISTEN TANSSIEN KURSSIT KOLMENA LAUANTAINA!"},"content":{"rendered":"<p>Kuubalaisten tanssien kurssit kolmena lauantaina!<\/p>\n<p style=\"font-weight: 400;\">Syyslukukauden p\u00e4\u00e4t\u00e4mme kolmen kuubalaisen mestariopettajan tiiviskursseilla.<\/p>\n<p style=\"font-weight: 400;\"><strong>Lauantaina 9.11. JULIO MI\u00d1OSO<\/strong> (Kansainv\u00e4lisen Dance council\u00a0 <a href=\"cid:n\">CID:n<\/a> j\u00e4sen kuubalaisten tanssien opettajana) \u201dMember of internacional dance council UNESCO\u201d \u00a0Tyo\u0308 opettajana taidekouluissa ja ulkomaalaisille suunnatuilla tanssikursseilla seka\u0308 lukuisilla kansallisilla ja kansainva\u0308lisilla\u0308 festivaaleilla on tuonut Juliolle paljon kiitosta. Ha\u0308n on myo\u0308s ansainnut useita tunnustuksia ja palkintoja. Tunnustuksena taiteilijan tyo\u0308sta\u0308a\u0308n Julio valittiin ja\u0308seneksi UNEACiin. UNEACin ja\u0308seneksi valitaan kuubalaisen kulttuurin edista\u0308via\u0308 taiteilijoita ja kirjailijoita.<\/p>\n<p style=\"font-weight: 400;\"><strong>Lauantaina 7.12. <\/strong><strong>JOSE MESA<\/strong> \u00a0Opiskeli Kuubassa Escuela Nacional de Artes:ssa. Tanssijana monissa arvostetuissa tanssiryhmiss\u00e4 Kuubassa. H\u00e4nell\u00e4 on vahva energia ja tanssinilo, joita h\u00e4n jakaa oppilailleen.<\/p>\n<p style=\"font-weight: 400;\"><strong>Lauantaina 14.12. YANAISY ARISTIDES <\/strong>\u00a0\u00a0Opiskeli Kuubassa Escuela Nacional de Arte:ssa ja Bailarin de espect\u00e1culos musicales) \u00a0H\u00e4n tanssi vuodesta 2011 Ballet Rakatan ryhm\u00e4ss\u00e4 Kuubassa. Rakatan ryhm\u00e4 yhdist\u00e4\u00e4 afrokuubalaisia tansseja ja contemporanea tansseja. Yanaisy on karismaattinen, rauhallinen ja positiivinen persoona, jolla on aina hymy kasvoilla.<\/p>\n<p>Ilmoittaudu tiiviskursseille ennakkoon www.salsastudio.fi<\/p>\n<div class=\"ead-preview\"><div class=\"ead-document\" style=\"position: relative;padding-top: 90%;\"><div class=\"ead-iframe-wrapper\"><iframe src=\"\/\/docs.google.com\/viewer?url=https%3A%2F%2Fwww.salsastudio.fi%2Fkuopio%2Fwp-content%2Fuploads%2F2024%2F10%2FHUOMIO.pdf&amp;embedded=true&amp;hl=en\" title=\"Embedded Document\" class=\"ead-iframe\" style=\"width: 100%;height: 100%;border: none;position: absolute;left: 0;top: 0;visibility: hidden;\"><\/iframe><\/div>\t\t\t<div class=\"ead-document-loading\" style=\"width:100%;height:100%;position:absolute;left:0;top:0;z-index:10;\">\n\t\t\t\t<div class=\"ead-loading-wrap\">\n\t\t\t\t\t<div class=\"ead-loading-main\">\n\t\t\t\t\t\t<div class=\"ead-loading\">\n\t\t\t\t\t\t\t<img loading=\"lazy\" decoding=\"async\" src=\"https:\/\/www.salsastudio.fi\/kuopio\/wp-content\/plugins\/embed-any-document\/images\/loading.svg\" width=\"55\" height=\"55\" alt=\"Loader\">\n\t\t\t\t\t\t\t<span>Loading...<\/span>\n\t\t\t\t\t\t<\/div>\n\t\t\t\t\t<\/div>\n\t\t\t\t\t<div class=\"ead-loading-foot\">\n\t\t\t\t\t\t<div class=\"ead-loading-foot-title\">\n\t\t\t\t\t\t\t<img loading=\"lazy\" decoding=\"async\" src=\"https:\/\/www.salsastudio.fi\/kuopio\/wp-content\/plugins\/embed-any-document\/images\/EAD-logo.svg\" alt=\"EAD Logo\" width=\"36\" height=\"23\"\/>\n\t\t\t\t\t\t\t<span>Taking too long?<\/span>\n\t\t\t\t\t\t<\/div>\n\t\t\t\t\t\t<p>\n\t\t\t\t\t\t\t<div class=\"ead-document-btn ead-reload-btn\" role=\"button\">\n\t\t\t\t\t\t\t\t<img loading=\"lazy\" decoding=\"async\" src=\"https:\/\/www.salsastudio.fi\/kuopio\/wp-content\/plugins\/embed-any-document\/images\/reload.svg\" alt=\"Reload\" width=\"12\" height=\"12\"\/> Reload document\t\t\t\t\t\t\t<\/div>\n\t\t\t\t\t\t\t<span>|<\/span>\n\t\t\t\t\t\t\t<a href=\"https:\/\/www.salsastudio.fi\/kuopio\/wp-content\/uploads\/2024\/10\/HUOMIO.pdf\" class=\"ead-document-btn\" target=\"_blank\">\n\t\t\t\t\t\t\t\t<img loading=\"lazy\" decoding=\"async\" src=\"https:\/\/www.salsastudio.fi\/kuopio\/wp-content\/plugins\/embed-any-document\/images\/open.svg\" alt=\"Open\" width=\"12\" height=\"12\"\/> Open in new tab\t\t\t\t\t\t\t<\/a>\n\t\t\t\t\t<\/div>\n\t\t\t\t<\/div>\n\t\t\t<\/div>\n\t\t<\/div><p class=\"embed_download\"><a href=\"https:\/\/www.salsastudio.fi\/kuopio\/wp-content\/uploads\/2024\/10\/HUOMIO.pdf\" download >Lataa lukuj\u00e4rjestys [106.61 KB] <\/a><\/p><\/div>\n","protected":false},"excerpt":{"rendered":"<p>Kuubalaisten tanssien kurssit kolmena lauantaina! Syyslukukauden p\u00e4\u00e4t\u00e4mme kolmen kuubalaisen mestariopettajan tiiviskursseilla. Lauantaina 9.11. JULIO MI\u00d1OSO (Kansainv\u00e4lisen Dance council\u00a0 CID:n j\u00e4sen kuubalaisten tanssien opettajana) \u201dMember of internacional dance council UNESCO\u201d \u00a0Tyo\u0308 opettajana taidekouluissa ja ulkomaalaisille suunnatuilla tanssikursseilla seka\u0308 lukuisilla kansallisilla ja kansainva\u0308lisilla\u0308 festivaaleilla on tuonut Juliolle paljon kiitosta. Ha\u0308n on myo\u0308s ansainnut useita tunnustuksia ja palkintoja. [&hellip;]<\/p>\n","protected":false},"author":6,"featured_media":0,"comment_status":"closed","ping_status":"open","sticky":false,"template":"","format":"standard","meta":{"_et_pb_use_builder":"","_et_pb_old_content":"","_et_gb_content_width":"","footnotes":""},"categories":[34,40],"tags":[],"_links":{"self":[{"href":"https:\/\/www.salsastudio.fi\/kuopio\/wp-json\/wp\/v2\/posts\/6955"}],"collection":[{"href":"https:\/\/www.salsastudio.fi\/kuopio\/wp-json\/wp\/v2\/posts"}],"about":[{"href":"https:\/\/www.salsastudio.fi\/kuopio\/wp-json\/wp\/v2\/types\/post"}],"author":[{"embeddable":true,"href":"https:\/\/www.salsastudio.fi\/kuopio\/wp-json\/wp\/v2\/users\/6"}],"replies":[{"embeddable":true,"href":"https:\/\/www.salsastudio.fi\/kuopio\/wp-json\/wp\/v2\/comments?post=6955"}],"version-history":[{"count":1,"href":"https:\/\/www.salsastudio.fi\/kuopio\/wp-json\/wp\/v2\/posts\/6955\/revisions"}],"predecessor-version":[{"id":6957,"href":"https:\/\/www.salsastudio.fi\/kuopio\/wp-json\/wp\/v2\/posts\/6955\/revisions\/6957"}],"wp:attachment":[{"href":"https:\/\/www.salsastudio.fi\/kuopio\/wp-json\/wp\/v2\/media?parent=6955"}],"wp:term":[{"taxonomy":"category","embeddable":true,"href":"https:\/\/www.salsastudio.fi\/kuopio\/wp-json\/wp\/v2\/categories?post=6955"},{"taxonomy":"post_tag","embeddable":true,"href":"https:\/\/www.salsastudio.fi\/kuopio\/wp-json\/wp\/v2\/tags?post=6955"}],"curies":[{"name":"wp","href":"https:\/\/api.w.org\/{rel}","templated":true}]}}